{"id":3266,"date":"2019-09-25T13:20:18","date_gmt":"2019-09-25T13:20:18","guid":{"rendered":"https:\/\/soundscapestudio.es\/?p=3266"},"modified":"2019-09-28T08:13:18","modified_gmt":"2019-09-28T08:13:18","slug":"soundscape-studio-en-tenerife","status":"publish","type":"post","link":"https:\/\/soundscapestudio.es\/?p=3266","title":{"rendered":"SoundScape Studio en Tenerife"},"content":{"rendered":"<p id=\"tw-target-text\" class=\"tw-data-text tw-text-large tw-ta\" dir=\"ltr\" data-placeholder=\"Traducci\u00f3n\"><span lang=\"en\" tabindex=\"0\">SoundScape Studio\u00a0 ha estado recientemente en Tenerife para la inauguraci\u00f3n de la nueva concha ac\u00fastica del Auditorio Ad\u00e1n Mart\u00edn .<\/span><\/p>\n<p id=\"tw-target-text\" class=\"tw-data-text tw-text-large tw-ta\" dir=\"ltr\" data-placeholder=\"Traducci\u00f3n\"><span lang=\"es\" tabindex=\"0\">Nuestro proyecto de dise\u00f1o ac\u00fastico en colaboraci\u00f3n con RG Sanl\u00e9s pretend\u00eda integrar el producto con el concepto arquitect\u00f3nico original del auditorio concebido por el arquitecto Santiago Calatrava. La apertura ha sido un \u00e9xito para la opini\u00f3n p\u00fablica, los medios, los m\u00fasicos y el p\u00fablico.<\/span><\/p>\n<p class=\"tw-data-text tw-text-large tw-ta\" dir=\"ltr\" data-placeholder=\"Traducci\u00f3n\"><span lang=\"en\" tabindex=\"0\">Para m\u00e1s informaci\u00f3n de la noticia<\/span>:\u00a0<a href=\"https:\/\/www.tenerife.es\/portalcabtfe\/es\/noticias-cabtfenews\/detalle-noticia\/26-noticias\/11211-el-presidente-del-cabildo-pedro-martin-conoce-la-nueva-concha-acustica-del-auditorio\">https:\/\/www.tenerife.es\/portalcabtfe\/es\/noticias-cabtfenews\/detalle-noticia\/26-noticias\/11211-el-presidente-del-cabildo-pedro-martin-conoce-la-nueva-concha-acustica-del-auditorio<\/a><\/p>\n","protected":false},"excerpt":{"rendered":"<p>SoundScape Studio\u00a0 ha estado recientemente en Tenerife para la inauguraci\u00f3n de la nueva concha ac\u00fastica del Auditorio Ad\u00e1n Mart\u00edn . Nuestro proyecto de dise\u00f1o ac\u00fastico en colaboraci\u00f3n con RG Sanl\u00e9s pretend\u00eda integrar el producto con el concepto arquitect\u00f3nico original del auditorio concebido por el arquitecto Santiago Calatrava. La apertura ha sido un \u00e9xito para la [&hellip;]<\/p>\n","protected":false},"author":1,"featured_media":3271,"comment_status":"open","ping_status":"open","sticky":false,"template":"","format":"standard","meta":{"footnotes":""},"categories":[89,90,93,5],"tags":[],"class_list":["post-3266","post","type-post","status-publish","format-standard","has-post-thumbnail","hentry","category-acustica-arquitectonica","category-acustica-musical","category-artes-escenicas","category-design"],"_links":{"self":[{"href":"https:\/\/soundscapestudio.es\/index.php?rest_route=\/wp\/v2\/posts\/3266","targetHints":{"allow":["GET"]}}],"collection":[{"href":"https:\/\/soundscapestudio.es\/index.php?rest_route=\/wp\/v2\/posts"}],"about":[{"href":"https:\/\/soundscapestudio.es\/index.php?rest_route=\/wp\/v2\/types\/post"}],"author":[{"embeddable":true,"href":"https:\/\/soundscapestudio.es\/index.php?rest_route=\/wp\/v2\/users\/1"}],"replies":[{"embeddable":true,"href":"https:\/\/soundscapestudio.es\/index.php?rest_route=%2Fwp%2Fv2%2Fcomments&post=3266"}],"version-history":[{"count":9,"href":"https:\/\/soundscapestudio.es\/index.php?rest_route=\/wp\/v2\/posts\/3266\/revisions"}],"predecessor-version":[{"id":3317,"href":"https:\/\/soundscapestudio.es\/index.php?rest_route=\/wp\/v2\/posts\/3266\/revisions\/3317"}],"wp:featuredmedia":[{"embeddable":true,"href":"https:\/\/soundscapestudio.es\/index.php?rest_route=\/wp\/v2\/media\/3271"}],"wp:attachment":[{"href":"https:\/\/soundscapestudio.es\/index.php?rest_route=%2Fwp%2Fv2%2Fmedia&parent=3266"}],"wp:term":[{"taxonomy":"category","embeddable":true,"href":"https:\/\/soundscapestudio.es\/index.php?rest_route=%2Fwp%2Fv2%2Fcategories&post=3266"},{"taxonomy":"post_tag","embeddable":true,"href":"https:\/\/soundscapestudio.es\/index.php?rest_route=%2Fwp%2Fv2%2Ftags&post=3266"}],"curies":[{"name":"wp","href":"https:\/\/api.w.org\/{rel}","templated":true}]}}